{"id":870,"date":"2026-05-03T17:08:52","date_gmt":"2026-05-03T08:08:52","guid":{"rendered":"https:\/\/kyonconnection.com\/?post_type=news&#038;p=870"},"modified":"2026-05-03T17:08:53","modified_gmt":"2026-05-03T08:08:53","slug":"%e7%9f%b3%e4%ba%95%e7%90%a2%e7%a3%a8%e3%80%80%e3%83%94%e3%82%a2%e3%83%8e%e3%82%b3%e3%83%b3%e3%82%b5%e3%83%bc%e3%83%88%e3%80%80liebe-9-5%ef%bc%88%e5%9c%9f%ef%bc%8919%e6%99%82","status":"publish","type":"news","link":"https:\/\/kyonconnection.com\/de\/news\/870\/","title":{"rendered":"Takuma Ishii \u2013 Klavierabend \u201eLiebe\u201c in D\u00fcsseldorf, Sa. 05.09.2026"},"content":{"rendered":"\n<h2 class=\"wp-block-heading\"><strong>Takuma Ishii \u2013 Klavierabend \u201eLiebe\u201c<\/strong><\/h2>\n\n\n\n<p>Takuma Ishii z\u00e4hlt zu den international anerkannten japanischen Pianisten seiner Generation.<\/p>\n\n\n\n<p>2016 wurde er als erster Japaner mit dem 2. Preis beim Internationalen Georges-Enescu-Wettbewerb in Bukarest ausgezeichnet \u2013 einem der bedeutendsten internationalen Klavierwettbewerbe.<br>Seither ist er regelm\u00e4\u00dfig auf internationalen B\u00fchnen in Europa, Asien und S\u00fcdamerika zu h\u00f6ren und arbeitet mit renommierten Orchestern und Festivals zusammen. Ein besonderer H\u00f6hepunkt war sein Auftritt in der Berliner Philharmonie gemeinsam mit den Berliner Symphoniker.<\/p>\n\n\n\n<p>Parallel dazu hat er sich auch digital eine au\u00dfergew\u00f6hnlich gro\u00dfe Reichweite aufgebaut: Sein YouTube-Kanal \u201eTAKU-ON TV\u201c z\u00e4hlt \u00fcber 340.000 Abonnenten und mehr als 138 Millionen Aufrufe und geh\u00f6rt zu den einflussreichsten klassischen Musikplattformen Japans.<\/p>\n\n\n\n<p>Heute gilt Takuma Ishii als einer der f\u00fchrenden jungen Pianisten Japans und als feste Gr\u00f6\u00dfe der internationalen Klassikszene. Seine Konzerte sind regelm\u00e4\u00dfig ausverkauft und ziehen ein breites Publikum weit \u00fcber die klassische Konzertszene hinaus an.<br>F\u00fcr 2026 sind weitere gro\u00dfe Projekte geplant, darunter Auftritte mit dem Wiener Johann Strauss Orchester sowie eine Tournee mit dem Orchestre National d\u2019\u00cele-de-France.<br>Offizielle Website\uff1a<a href=\"https:\/\/www.takumaishii.com\/biography\/\">https:\/\/www.takumaishii.com\/<\/a><\/p>\n\n\n\n<p>Takuma Ishii gestaltet einen Klavierabend unter dem Titel \u201eLiebe\u201c, in dem Musik als emotionale Reise durch Sehnsucht, Erinnerung und Liebe erlebbar wird.<br>Das Publikum erlebt ein Programm, das bekannte romantische Werke von Liszt, Schumann und Grieg nicht als einzelne St\u00fccke pr\u00e4sentiert, sondern als zusammenh\u00e4ngenden musikalischen Verlauf \u2013 von stiller Intimit\u00e4t bis zu gro\u00dfer emotionaler Intensit\u00e4t.<\/p>\n\n\n\n<p>&#x1f4c5; Sa. 05.09.2026<br>&#x1f556; 19:00 Uhr (Einlass 18:30 Uhr)<br>&#x1f4cd; Palais Wittgenstein<\/p>\n\n\n\n<p>&#x1f39f; Tickets: 29 \u20ac \/ erm. 22 \u20ac<br>Online: <a href=\"https:\/\/www.eventim-light.com\/de\/a\/69a0665c2a1b6440e5b64093\/e\/69c145e18e13ef78ccd39f20\">https:\/\/www.eventim-light.com\/de\/a\/69a0665c2a1b6440e5b64093\/e\/69c145e18e13ef78ccd39f20<\/a><br>sowie an der Abendkasse<\/p>\n\n\n\n<p><strong>Programm (Auswahl)<\/strong><br>Franz Liszt \u2013 Liebestr\u00e4ume<br>Robert Schumann \/ Liszt \u2013 Widmung<br>Edvard Grieg \u2013 Ich liebe dich<br>Alfred Gr\u00fcnfeld \u2013 Soir\u00e9e de Vienne<\/p>\n\n\n\n<figure class=\"wp-block-image size-full\"><img decoding=\"async\" width=\"1100\" height=\"1400\" src=\"https:\/\/kyonconnection.com\/wp-content\/uploads\/takumaishii_qr-Zum-Drucken-18m.png\" alt=\"\" class=\"wp-image-869\" srcset=\"https:\/\/kyonconnection.com\/wp-content\/uploads\/takumaishii_qr-Zum-Drucken-18m.png 1100w, https:\/\/kyonconnection.com\/wp-content\/uploads\/takumaishii_qr-Zum-Drucken-18m-768x977.png 768w\" sizes=\"(max-width: 1100px) 100vw, 1100px\" \/><\/figure>\n","protected":false},"featured_media":869,"template":"","categories":[19,17,15,13],"tags":[24,8,11,9,23],"class_list":["post-870","news","type-news","status-publish","has-post-thumbnail","hentry","category-concert","category-duesseldorf","category-germany","category-pianist","tag-dusseldorf","tag-klavierabend","tag-konzert","tag-kyon-connection","tag-takuma-ishii","de-DE"],"_links":{"self":[{"href":"https:\/\/kyonconnection.com\/wp-json\/wp\/v2\/news\/870","targetHints":{"allow":["GET"]}}],"collection":[{"href":"https:\/\/kyonconnection.com\/wp-json\/wp\/v2\/news"}],"about":[{"href":"https:\/\/kyonconnection.com\/wp-json\/wp\/v2\/types\/news"}],"wp:featuredmedia":[{"embeddable":true,"href":"https:\/\/kyonconnection.com\/wp-json\/wp\/v2\/media\/869"}],"wp:attachment":[{"href":"https:\/\/kyonconnection.com\/wp-json\/wp\/v2\/media?parent=870"}],"wp:term":[{"taxonomy":"category","embeddable":true,"href":"https:\/\/kyonconnection.com\/wp-json\/wp\/v2\/categories?post=870"},{"taxonomy":"post_tag","embeddable":true,"href":"https:\/\/kyonconnection.com\/wp-json\/wp\/v2\/tags?post=870"}],"curies":[{"name":"wp","href":"https:\/\/api.w.org\/{rel}","templated":true}]}}